{"id":7323,"date":"2026-08-31T20:49:33","date_gmt":"2026-08-31T18:49:33","guid":{"rendered":"https:\/\/www.ff-rappoltenkirchen.at\/?p=7323"},"modified":"2026-08-31T20:49:34","modified_gmt":"2026-08-31T18:49:34","slug":"28-8-umgestuerzter-baum","status":"publish","type":"post","link":"https:\/\/www.ff-rappoltenkirchen.at\/?p=7323","title":{"rendered":"28.8. &#8211; Umgest\u00fcrzter Baum"},"content":{"rendered":"\n<p class=\"wp-block-paragraph\">Um 12:41 Uhr wurden wir gemeinsam mit der FF Kogl zu einem Einsatz nach Kronstein alarmiert. Ein umgest\u00fcrzter Baum blockierte die Landesstra\u00dfe. Innerhalb kurzer Zeit wurde das Astwerk aufgearbeitet und anschlie\u00dfend die Fahrbahn gereinigt. <\/p>\n\n\n\n<p class=\"wp-block-paragraph\"><\/p>\n","protected":false},"excerpt":{"rendered":"<p>Um 12:41 Uhr wurden wir gemeinsam mit der FF Kogl zu einem Einsatz nach Kronstein alarmiert. Ein umgest\u00fcrzter Baum blockierte die Landesstra\u00dfe. Innerhalb kurzer Zeit wurde das Astwerk aufgearbeitet und anschlie\u00dfend die Fahrbahn gereinigt.<\/p>\n","protected":false},"author":6,"featured_media":7321,"comment_status":"closed","ping_status":"closed","sticky":false,"template":"","format":"standard","meta":{"footnotes":""},"categories":[30],"tags":[],"class_list":["post-7323","post","type-post","status-publish","format-standard","has-post-thumbnail","hentry","category-einsaetze-2026"],"_links":{"self":[{"href":"https:\/\/www.ff-rappoltenkirchen.at\/index.php?rest_route=\/wp\/v2\/posts\/7323","targetHints":{"allow":["GET"]}}],"collection":[{"href":"https:\/\/www.ff-rappoltenkirchen.at\/index.php?rest_route=\/wp\/v2\/posts"}],"about":[{"href":"https:\/\/www.ff-rappoltenkirchen.at\/index.php?rest_route=\/wp\/v2\/types\/post"}],"author":[{"embeddable":true,"href":"https:\/\/www.ff-rappoltenkirchen.at\/index.php?rest_route=\/wp\/v2\/users\/6"}],"replies":[{"embeddable":true,"href":"https:\/\/www.ff-rappoltenkirchen.at\/index.php?rest_route=%2Fwp%2Fv2%2Fcomments&post=7323"}],"version-history":[{"count":2,"href":"https:\/\/www.ff-rappoltenkirchen.at\/index.php?rest_route=\/wp\/v2\/posts\/7323\/revisions"}],"predecessor-version":[{"id":7325,"href":"https:\/\/www.ff-rappoltenkirchen.at\/index.php?rest_route=\/wp\/v2\/posts\/7323\/revisions\/7325"}],"wp:featuredmedia":[{"embeddable":true,"href":"https:\/\/www.ff-rappoltenkirchen.at\/index.php?rest_route=\/wp\/v2\/media\/7321"}],"wp:attachment":[{"href":"https:\/\/www.ff-rappoltenkirchen.at\/index.php?rest_route=%2Fwp%2Fv2%2Fmedia&parent=7323"}],"wp:term":[{"taxonomy":"category","embeddable":true,"href":"https:\/\/www.ff-rappoltenkirchen.at\/index.php?rest_route=%2Fwp%2Fv2%2Fcategories&post=7323"},{"taxonomy":"post_tag","embeddable":true,"href":"https:\/\/www.ff-rappoltenkirchen.at\/index.php?rest_route=%2Fwp%2Fv2%2Ftags&post=7323"}],"curies":[{"name":"wp","href":"https:\/\/api.w.org\/{rel}","templated":true}]}}