{"id":7326,"date":"2026-08-31T21:12:30","date_gmt":"2026-08-31T19:12:30","guid":{"rendered":"https:\/\/www.ff-rappoltenkirchen.at\/?p=7326"},"modified":"2026-08-31T21:12:33","modified_gmt":"2026-08-31T19:12:33","slug":"29-8-hochzeit-von-martin-ayca","status":"publish","type":"post","link":"https:\/\/www.ff-rappoltenkirchen.at\/?p=7326","title":{"rendered":"29.8. &#8211; Hochzeit von Martin &amp; Ayca"},"content":{"rendered":"\n<p class=\"wp-block-paragraph\"><\/p>\n\n\n\n<p class=\"wp-block-paragraph\"><\/p>\n\n\n\n<p class=\"wp-block-paragraph\">Am 29. August gaben sich unser Kamerad Martin Reisinger und seine Ayca das Ja-Wort.<\/p>\n\n\n\n<p class=\"wp-block-paragraph\">Bei der anschlie\u00dfenden Hochzeitsparty durfte auch das Kommando der Freiwilligen Feuerwehr Rappoltenkirchen diesen besonderen Tag gemeinsam mit dem Brautpaar feiern und pers\u00f6nlich die besten Gl\u00fcckw\u00fcnsche \u00fcberbringen.<\/p>\n\n\n\n<p class=\"wp-block-paragraph\">Wir gratulieren Martin und Ayca sehr herzlich zur Hochzeit und w\u00fcnschen ihnen f\u00fcr ihren gemeinsamen Lebensweg alles Gute, viel Freude und viele sch\u00f6ne gemeinsame Momente.<\/p>\n\n\n\n<p class=\"wp-block-paragraph\">Die Kameraden der FF Rappoltenkirchen w\u00fcnschen dem frisch verm\u00e4hlten Paar alles Gute f\u00fcr die gemeinsame Zukunft!<\/p>\n\n\n\n<p class=\"wp-block-paragraph\"><\/p>\n\n\n\n<figure class=\"wp-block-gallery has-nested-images columns-default is-cropped wp-block-gallery-1 is-layout-flex wp-block-gallery-is-layout-flex\">\n<figure class=\"wp-block-image size-large\"><a href=\"https:\/\/www.ff-rappoltenkirchen.at\/wp-content\/uploads\/2026\/08\/IMG_0505-scaled.jpeg\"><img decoding=\"async\" width=\"1024\" height=\"768\" data-id=\"7317\" data-src=\"https:\/\/www.ff-rappoltenkirchen.at\/wp-content\/uploads\/2026\/08\/IMG_0505-1024x768.jpeg\" alt=\"\" class=\"wp-image-7317 lazyload\" data-srcset=\"https:\/\/www.ff-rappoltenkirchen.at\/wp-content\/uploads\/2026\/08\/IMG_0505-1024x768.jpeg 1024w, https:\/\/www.ff-rappoltenkirchen.at\/wp-content\/uploads\/2026\/08\/IMG_0505-300x225.jpeg 300w, https:\/\/www.ff-rappoltenkirchen.at\/wp-content\/uploads\/2026\/08\/IMG_0505-768x576.jpeg 768w, https:\/\/www.ff-rappoltenkirchen.at\/wp-content\/uploads\/2026\/08\/IMG_0505-scaled.jpeg 1080w\" data-sizes=\"(max-width: 1024px) 100vw, 1024px\" src=\"data:image\/svg+xml;base64,PHN2ZyB3aWR0aD0iMSIgaGVpZ2h0PSIxIiB4bWxucz0iaHR0cDovL3d3dy53My5vcmcvMjAwMC9zdmciPjwvc3ZnPg==\" style=\"--smush-placeholder-width: 1024px; --smush-placeholder-aspect-ratio: 1024\/768;\" \/><\/a><\/figure>\n\n\n\n<figure class=\"wp-block-image size-large\"><a href=\"https:\/\/www.ff-rappoltenkirchen.at\/wp-content\/uploads\/2026\/08\/IMG_0514-scaled.jpeg\"><img decoding=\"async\" data-id=\"7315\" data-src=\"https:\/\/www.ff-rappoltenkirchen.at\/wp-content\/uploads\/2026\/08\/IMG_0514-1024x768.jpeg?v=1788181161\" alt=\"\" class=\"wp-image-7315 lazyload\" src=\"data:image\/svg+xml;base64,PHN2ZyB3aWR0aD0iMSIgaGVpZ2h0PSIxIiB4bWxucz0iaHR0cDovL3d3dy53My5vcmcvMjAwMC9zdmciPjwvc3ZnPg==\" style=\"--smush-placeholder-width: 1024px; --smush-placeholder-aspect-ratio: 1024\/768;\" \/><\/a><\/figure>\n<\/figure>\n\n\n\n<p class=\"wp-block-paragraph\"><\/p>\n","protected":false},"excerpt":{"rendered":"<p>Am 29. August gaben sich unser Kamerad Martin Reisinger und seine Ayca das Ja-Wort. Bei der anschlie\u00dfenden Hochzeitsparty durfte auch das Kommando der Freiwilligen Feuerwehr Rappoltenkirchen diesen besonderen Tag gemeinsam mit dem Brautpaar feiern&#46;&#46;&#46;<\/p>\n","protected":false},"author":6,"featured_media":7315,"comment_status":"closed","ping_status":"closed","sticky":false,"template":"","format":"standard","meta":{"footnotes":""},"categories":[31],"tags":[],"class_list":["post-7326","post","type-post","status-publish","format-standard","has-post-thumbnail","hentry","category-ereignisse-2026"],"_links":{"self":[{"href":"https:\/\/www.ff-rappoltenkirchen.at\/index.php?rest_route=\/wp\/v2\/posts\/7326","targetHints":{"allow":["GET"]}}],"collection":[{"href":"https:\/\/www.ff-rappoltenkirchen.at\/index.php?rest_route=\/wp\/v2\/posts"}],"about":[{"href":"https:\/\/www.ff-rappoltenkirchen.at\/index.php?rest_route=\/wp\/v2\/types\/post"}],"author":[{"embeddable":true,"href":"https:\/\/www.ff-rappoltenkirchen.at\/index.php?rest_route=\/wp\/v2\/users\/6"}],"replies":[{"embeddable":true,"href":"https:\/\/www.ff-rappoltenkirchen.at\/index.php?rest_route=%2Fwp%2Fv2%2Fcomments&post=7326"}],"version-history":[{"count":5,"href":"https:\/\/www.ff-rappoltenkirchen.at\/index.php?rest_route=\/wp\/v2\/posts\/7326\/revisions"}],"predecessor-version":[{"id":7331,"href":"https:\/\/www.ff-rappoltenkirchen.at\/index.php?rest_route=\/wp\/v2\/posts\/7326\/revisions\/7331"}],"wp:featuredmedia":[{"embeddable":true,"href":"https:\/\/www.ff-rappoltenkirchen.at\/index.php?rest_route=\/wp\/v2\/media\/7315"}],"wp:attachment":[{"href":"https:\/\/www.ff-rappoltenkirchen.at\/index.php?rest_route=%2Fwp%2Fv2%2Fmedia&parent=7326"}],"wp:term":[{"taxonomy":"category","embeddable":true,"href":"https:\/\/www.ff-rappoltenkirchen.at\/index.php?rest_route=%2Fwp%2Fv2%2Fcategories&post=7326"},{"taxonomy":"post_tag","embeddable":true,"href":"https:\/\/www.ff-rappoltenkirchen.at\/index.php?rest_route=%2Fwp%2Fv2%2Ftags&post=7326"}],"curies":[{"name":"wp","href":"https:\/\/api.w.org\/{rel}","templated":true}]}}